{"id":232958,"date":"2025-11-27T10:13:29","date_gmt":"2025-11-27T15:13:29","guid":{"rendered":"https:\/\/medicinaesteticabenavides.com\/?p=232958"},"modified":"2025-11-27T10:22:29","modified_gmt":"2025-11-27T15:22:29","slug":"hilos-tensores-para-la-cara","status":"publish","type":"post","link":"https:\/\/medicinaesteticabenavides.com\/en\/hilos-tensores-para-la-cara\/","title":{"rendered":"Hilos Tensores para la cara: lifting sin cirug\u00eda con resultados naturales"},"content":{"rendered":"\n[et_pb_section fb_built=\u00bb1&#8243; _builder_version=\u00bb4.27.4&#8243; _module_preset=\u00bbdefault\u00bb global_colors_info=\u00bb{}\u00bb][et_pb_row _builder_version=\u00bb4.27.4&#8243; _module_preset=\u00bbdefault\u00bb global_colors_info=\u00bb{}\u00bb][et_pb_column type=\u00bb4_4&#8243; _builder_version=\u00bb4.27.4&#8243; _module_preset=\u00bbdefault\u00bb global_colors_info=\u00bb{}\u00bb][et_pb_text _builder_version=\u00bb4.27.4&#8243; _module_preset=\u00bbdefault\u00bb hover_enabled=\u00bb0&#8243; global_colors_info=\u00bb{}\u00bb sticky_enabled=\u00bb0&#8243;]<p><strong>Por la Doctora Mar\u00eda Fernanda Benavides<\/strong><\/p>\n<p><strong>Medicina Est\u00e9tica en Bogot\u00e1<\/strong><\/p>\n<p>El rostro es nuestra carta de presentaci\u00f3n. Es normal que, con el paso del tiempo, nuestros p\u00f3mulos pierdan proyecci\u00f3n, nuestras mejillas se vean menos firmes, la l\u00ednea mandibular se torne difusa y nos aparezcan pliegues alrededor de la boca. Muchos pacientes llegan a nuestro consultorio de medicina est\u00e9tica en Bogot\u00e1 diciendo: \u201cMe veo cansada, pero no quiero operarme\u201d.<\/p>\n<p>En estos casos, la buena noticia que les tenemos es que los <strong><a href=\"https:\/\/medicinaesteticabenavides.com\/hilos-tensores-en-bogota\/\" target=\"_blank\" rel=\"noopener\">hilos tensores para la cara<\/a><\/strong> son una herramienta de medicina est\u00e9tica muy valiosa. Permiten reposicionar sus tejidos, redefinir el \u00f3valo facial y estimular col\u00e1geno sin cicatrices visibles y con un tiempo de recuperaci\u00f3n corto.<\/p>\n<p>&nbsp;<\/p>\n<h2><strong>\u00bfC\u00f3mo envejece nuestro rostro y por qu\u00e9 nos aparece la flacidez y los surcos?<\/strong><\/h2>\n<p>El envejecimiento facial no es solo \u201cpiel que sobra\u201d. Intervienen:<\/p>\n<ul>\n<li>P\u00e9rdida de col\u00e1geno y elastina: nuestra piel se vuelve m\u00e1s fina y menos el\u00e1stica.<\/li>\n<li>Descenso de los compartimentos grasos: los vol\u00famenes cambian de posici\u00f3n.<\/li>\n<li>Relajaci\u00f3n de los ligamentos de sost\u00e9n: los tejidos \u201cse deslizan\u201d hacia abajo.<\/li>\n<li>Cambios \u00f3seos: nuestro esqueleto facial tambi\u00e9n se remodela con la edad.<\/li>\n<\/ul>\n<p>Por eso, a partir de cierta edad, se nos comienzan a notar:<\/p>\n<ul>\n<li>Surcos nasogenianos marcados.<\/li>\n<li>L\u00edneas de marioneta alrededor de la boca.<\/li>\n<li>Mejillas \u201cca\u00eddas\u201d y p\u00f3mulos planos.<\/li>\n<li>Papada y cuello con aspecto fl\u00e1cido.<\/li>\n<li>\u00d3valo facial poco definido.<\/li>\n<\/ul>\n<h2><strong>Beneficios de los hilos tensores para la cara<\/strong><\/h2>\n<p>Los <a href=\"https:\/\/medicinaesteticabenavides.com\/hilos-tensores-en-bogota\/\" target=\"_blank\" rel=\"noopener\"><strong>hilos tensores facial<\/strong><\/a> pueden:<\/p>\n<ul>\n<li>Elevar nuestro tercio medio, reposicionando el volumen de las mejillas.<\/li>\n<li>Recuperar la definici\u00f3n de nuestro \u00f3valo facial y la l\u00ednea mandibular.<\/li>\n<li>Atenuar surcos nasogenianos y l\u00edneas de marioneta sin \u201ccongelar\u201d nuestra expresi\u00f3n.<\/li>\n<li>Mejorar la flacidez de nuestro cuello y papada.<\/li>\n<\/ul>\n<h3>Cuidados posteriores a la colocaci\u00f3n de los hilos tensores en el rostro<\/h3>\n<p>Tras el procedimiento, la mayor\u00eda de nuestros pacientes pueden volver a su rutina diaria con ciertas recomendaciones:<\/p>\n<ul>\n<li>Evitar maquillaje las primeras 24 &#8211; 48 horas seg\u00fan indicaci\u00f3n.<\/li>\n<li>No masajear la cara ni realizar procedimientos est\u00e9ticos en la zona durante varias semanas.<\/li>\n<li>Dormir boca arriba y con la cabeza elevada al menos la primera semana.<\/li>\n<li>Evitar ejercicios de alto impacto o deportes de contacto durante 10 &#8211; 14 d\u00edas.<\/li>\n<li>No exponerse a calor extremo en sauna, turco o c\u00e1maras de bronceo en el periodo inicial.<\/li>\n<\/ul>\n<h3>Duraci\u00f3n de los resultados<\/h3>\n<p>Al igual que en otras zonas,<a href=\"https:\/\/medicinaesteticabenavides.com\/hilos-tensores-en-bogota\/\" target=\"_blank\" rel=\"noopener\"><strong> los hilos tensores para la cara<\/strong><\/a> mantienen su efecto entre 18 y 24 meses aproximadamente, dependiendo de:<\/p>\n<ul>\n<li>Edad y estilo de vida.<\/li>\n<li>Cantidad y tipo de hilo utilizado.<\/li>\n<\/ul>\n<h4>Preguntas frecuentes sobre hilos tensores para la cara<\/h4>\n<ol>\n<li><strong> \u00bfDuelen los hilos tensores para la cara?<br \/><\/strong>Se utiliza anestesia local, por lo que el procedimiento suele ser bien tolerado. Lo habitual es sentir presi\u00f3n o leve molestia durante la colocaci\u00f3n y un poco de tirantez despu\u00e9s.<\/li>\n<li><strong> \u00bfCu\u00e1ndo ver\u00e9 el resultado?<\/strong><br \/>Hay un efecto lifting inmediato por la tracci\u00f3n mec\u00e1nica. En las semanas siguientes, la piel mejora su textura y firmeza gracias a la bioestimulaci\u00f3n de col\u00e1geno.<\/li>\n<li><strong> \u00bfSe notan los hilos al tacto o a la vista?<\/strong><br \/>Cuando se colocan correctamente y se selecciona el tipo de hilo adecuado, no deber\u00edan verse ni palparse como cordones r\u00edgidos.<\/li>\n<li><strong> \u00bfQu\u00e9 precio tienen los hilos tensores para la cara?<\/strong><br \/>La pregunta \u201cqu\u00e9 precio tienen los hilos tensores\u201d es muy frecuente cuando nos escriben, pero la respuesta en Medicina Est\u00e9tica Benavides siempre ser\u00e1: depende de tu caso. El valor se define despu\u00e9s de la valoraci\u00f3n con la doctora en nuestro consultorio en Bogot\u00e1, considerando cantidad de hilos, zonas a tratar y complejidad del tratamiento.<\/li>\n<li><strong> \u00bfPuedo hacerme el procedimiento si vivo o trabajo en Bogot\u00e1 y tengo poco tiempo?<\/strong><br \/>El procedimiento de hilos tensores es ambulatorio y la recuperaci\u00f3n suele ser r\u00e1pida. La mayor\u00eda de pacientes retoman su rutina laboral en poco tiempo.<\/li>\n<\/ol>\n<h5><strong>Agenda tu valoraci\u00f3n de hilos tensores para la cara en Bogot\u00e1 con la Dra. Benavides<\/strong><\/h5>\n<p>Soy la <a href=\"https:\/\/medicinaesteticabenavides.com\/dra-maria-fernanda-benavides\/\" target=\"_blank\" rel=\"noopener\"><strong>Dra. Mar\u00eda Fernanda Benavides<\/strong><\/a>, m\u00e9dica cirujana con m\u00e1ster en Medicina Est\u00e9tica y L\u00e1ser, m\u00e1s de 15 a\u00f1os de experiencia y formaci\u00f3n en Colombia, Espa\u00f1a e Italia. Mi enfoque combina criterio m\u00e9dico, tecnolog\u00eda avanzada y resultados naturales, siempre con una valoraci\u00f3n personalizada y responsable.<\/p>\n<p>Si deseas saber si este tratamiento es ideal para ti, <a href=\"https:\/\/api.whatsapp.com\/send?phone=573102534615&amp;text=%C2%A1Hola!%20Estuve%20viendo%20la%20p%C3%A1gina%20web%20Medicina%20Estetica%20Benavides%20y%20tengo%20dudas%20de%20sus%20procedimientos%20medicos.\" target=\"_blank\" rel=\"noopener\"><strong>agenda aqu\u00ed tu cita de medicina est\u00e9tica en Bogot\u00e1<\/strong><\/a> y recibe una evaluaci\u00f3n completa hecha directamente por m\u00ed.<\/p>[\/et_pb_text][\/et_pb_column][\/et_pb_row][\/et_pb_section]\n","protected":false},"excerpt":{"rendered":"<p>Por la Doctora Mar\u00eda Fernanda Benavides Medicina Est\u00e9tica en Bogot\u00e1 El rostro es nuestra carta de presentaci\u00f3n. Es normal que, con el paso del tiempo, nuestros p\u00f3mulos pierdan proyecci\u00f3n, nuestras mejillas se vean menos firmes, la l\u00ednea mandibular se torne difusa y nos aparezcan pliegues alrededor de la boca. Muchos pacientes llegan a nuestro consultorio de medicina est\u00e9tica en Bogot\u00e1 diciendo: \u201cMe veo cansada, pero no quiero operarme\u201d. En estos casos, la buena noticia que les tenemos es que los hilos tensores para la cara son una herramienta de medicina est\u00e9tica muy valiosa. Permiten reposicionar sus tejidos, redefinir el \u00f3valo facial y estimular col\u00e1geno sin cicatrices visibles y con un tiempo de recuperaci\u00f3n corto. &nbsp; \u00bfC\u00f3mo envejece nuestro rostro y por qu\u00e9 nos aparece la flacidez y los surcos? El envejecimiento facial no es solo \u201cpiel que sobra\u201d. Intervienen: P\u00e9rdida de col\u00e1geno y elastina: nuestra piel se vuelve m\u00e1s fina y menos el\u00e1stica. Descenso de los compartimentos grasos: los vol\u00famenes cambian de posici\u00f3n. Relajaci\u00f3n de los ligamentos de sost\u00e9n: los tejidos \u201cse deslizan\u201d hacia abajo. Cambios \u00f3seos: nuestro esqueleto facial tambi\u00e9n se remodela con la edad. Por eso, a partir de cierta edad, se nos comienzan a notar: Surcos nasogenianos [&hellip;]<\/p>\n","protected":false},"author":2,"featured_media":232961,"comment_status":"open","ping_status":"open","sticky":false,"template":"","format":"standard","meta":{"_et_pb_use_builder":"on","_et_pb_old_content":"","_et_gb_content_width":"","content-type":"","footnotes":""},"categories":[26],"tags":[],"class_list":["post-232958","post","type-post","status-publish","format-standard","has-post-thumbnail","hentry","category-tratamiento-facial"],"rttpg_featured_image_url":{"full":["https:\/\/medicinaesteticabenavides.com\/wp-content\/uploads\/2025\/11\/hilos-tensores-para-la-cara.jpg",882,600,false],"landscape":["https:\/\/medicinaesteticabenavides.com\/wp-content\/uploads\/2025\/11\/hilos-tensores-para-la-cara.jpg",882,600,false],"portraits":["https:\/\/medicinaesteticabenavides.com\/wp-content\/uploads\/2025\/11\/hilos-tensores-para-la-cara.jpg",882,600,false],"thumbnail":["https:\/\/medicinaesteticabenavides.com\/wp-content\/uploads\/2025\/11\/hilos-tensores-para-la-cara-150x150.jpg",150,150,true],"medium":["https:\/\/medicinaesteticabenavides.com\/wp-content\/uploads\/2025\/11\/hilos-tensores-para-la-cara-300x204.jpg",300,204,true],"large":["https:\/\/medicinaesteticabenavides.com\/wp-content\/uploads\/2025\/11\/hilos-tensores-para-la-cara.jpg",882,600,false],"1536x1536":["https:\/\/medicinaesteticabenavides.com\/wp-content\/uploads\/2025\/11\/hilos-tensores-para-la-cara.jpg",882,600,false],"2048x2048":["https:\/\/medicinaesteticabenavides.com\/wp-content\/uploads\/2025\/11\/hilos-tensores-para-la-cara.jpg",882,600,false],"trp-custom-language-flag":["https:\/\/medicinaesteticabenavides.com\/wp-content\/uploads\/2025\/11\/hilos-tensores-para-la-cara-18x12.jpg",18,12,true],"et-pb-post-main-image":["https:\/\/medicinaesteticabenavides.com\/wp-content\/uploads\/2025\/11\/hilos-tensores-para-la-cara-400x250.jpg",400,250,true],"et-pb-post-main-image-fullwidth":["https:\/\/medicinaesteticabenavides.com\/wp-content\/uploads\/2025\/11\/hilos-tensores-para-la-cara.jpg",882,600,false],"et-pb-portfolio-image":["https:\/\/medicinaesteticabenavides.com\/wp-content\/uploads\/2025\/11\/hilos-tensores-para-la-cara-400x284.jpg",400,284,true],"et-pb-portfolio-module-image":["https:\/\/medicinaesteticabenavides.com\/wp-content\/uploads\/2025\/11\/hilos-tensores-para-la-cara-510x382.jpg",510,382,true],"et-pb-portfolio-image-single":["https:\/\/medicinaesteticabenavides.com\/wp-content\/uploads\/2025\/11\/hilos-tensores-para-la-cara.jpg",882,600,false],"et-pb-gallery-module-image-portrait":["https:\/\/medicinaesteticabenavides.com\/wp-content\/uploads\/2025\/11\/hilos-tensores-para-la-cara-400x516.jpg",400,516,true],"et-pb-post-main-image-fullwidth-large":["https:\/\/medicinaesteticabenavides.com\/wp-content\/uploads\/2025\/11\/hilos-tensores-para-la-cara.jpg",882,600,false],"et-pb-image--responsive--desktop":["https:\/\/medicinaesteticabenavides.com\/wp-content\/uploads\/2025\/11\/hilos-tensores-para-la-cara.jpg",882,600,false],"et-pb-image--responsive--tablet":["https:\/\/medicinaesteticabenavides.com\/wp-content\/uploads\/2025\/11\/hilos-tensores-para-la-cara.jpg",810,551,false],"et-pb-image--responsive--phone":["https:\/\/medicinaesteticabenavides.com\/wp-content\/uploads\/2025\/11\/hilos-tensores-para-la-cara-480x327.jpg",396,270,true]},"rttpg_author":{"display_name":"Dra. Mar\u00eda Fernanda Benavides","author_link":"https:\/\/medicinaesteticabenavides.com\/en\/author\/bnvadm25\/"},"rttpg_comment":0,"rttpg_category":"<a href=\"https:\/\/medicinaesteticabenavides.com\/en\/category\/tratamiento-facial\/\" rel=\"category tag\">Tratamiento Facial<\/a>","rttpg_excerpt":"Por la Doctora Mar\u00eda Fernanda Benavides Medicina Est\u00e9tica en Bogot\u00e1 El rostro es nuestra carta de presentaci\u00f3n. Es normal que, con el paso del tiempo, nuestros p\u00f3mulos pierdan proyecci\u00f3n, nuestras mejillas se vean menos firmes, la l\u00ednea mandibular se torne difusa y nos aparezcan pliegues alrededor de la boca. Muchos pacientes llegan a nuestro consultorio&hellip;","_links":{"self":[{"href":"https:\/\/medicinaesteticabenavides.com\/en\/wp-json\/wp\/v2\/posts\/232958","targetHints":{"allow":["GET"]}}],"collection":[{"href":"https:\/\/medicinaesteticabenavides.com\/en\/wp-json\/wp\/v2\/posts"}],"about":[{"href":"https:\/\/medicinaesteticabenavides.com\/en\/wp-json\/wp\/v2\/types\/post"}],"author":[{"embeddable":true,"href":"https:\/\/medicinaesteticabenavides.com\/en\/wp-json\/wp\/v2\/users\/2"}],"replies":[{"embeddable":true,"href":"https:\/\/medicinaesteticabenavides.com\/en\/wp-json\/wp\/v2\/comments?post=232958"}],"version-history":[{"count":3,"href":"https:\/\/medicinaesteticabenavides.com\/en\/wp-json\/wp\/v2\/posts\/232958\/revisions"}],"predecessor-version":[{"id":232964,"href":"https:\/\/medicinaesteticabenavides.com\/en\/wp-json\/wp\/v2\/posts\/232958\/revisions\/232964"}],"wp:featuredmedia":[{"embeddable":true,"href":"https:\/\/medicinaesteticabenavides.com\/en\/wp-json\/wp\/v2\/media\/232961"}],"wp:attachment":[{"href":"https:\/\/medicinaesteticabenavides.com\/en\/wp-json\/wp\/v2\/media?parent=232958"}],"wp:term":[{"taxonomy":"category","embeddable":true,"href":"https:\/\/medicinaesteticabenavides.com\/en\/wp-json\/wp\/v2\/categories?post=232958"},{"taxonomy":"post_tag","embeddable":true,"href":"https:\/\/medicinaesteticabenavides.com\/en\/wp-json\/wp\/v2\/tags?post=232958"}],"curies":[{"name":"wp","href":"https:\/\/api.w.org\/{rel}","templated":true}]}}